{"id":631,"date":"2025-06-12T17:40:49","date_gmt":"2025-06-12T15:40:49","guid":{"rendered":"https:\/\/uridojaras.hu\/?p=631"},"modified":"2025-11-16T13:03:36","modified_gmt":"2025-11-16T11:03:36","slug":"ugy-lathatjuk-a-napot-ahogyan-korabban-meg-soha","status":"publish","type":"post","link":"https:\/\/uridojaras.hu\/?p=631","title":{"rendered":"\u00dagy l\u00e1thatjuk a Napot, ahogyan kor\u00e1bban m\u00e9g soha"},"content":{"rendered":"\n<p>Lehetetlennek hitt n\u00e9z\u0151pontb\u00f3l mutatta meg a Napot az Eur\u00f3pai \u0170r\u00fcgyn\u00f6ks\u00e9g Solar Orbiter \u0171rszond\u00e1ja: <a href=\"https:\/\/www.esa.int\/Science_Exploration\/Space_Science\/Solar_Orbiter\/Solar_Orbiter_gets_world-first_views_of_the_Sun_s_poles\" target=\"_blank\" rel=\"noreferrer noopener\">el\u0151sz\u00f6r k\u00e9sz\u00fcltek k\u00f6zvetlen felv\u00e9telek a Nap d\u00e9li p\u00f3lus\u00e1r\u00f3l<\/a>. Az \u00faj, megd\u00f6nt\u00f6tt p\u00e1ly\u00e1j\u00e1nak k\u00f6sz\u00f6nhet\u0151en a szonda forradalmi megfigyel\u00e9seket tett a Nap m\u00e1gneses ter\u00e9r\u0151l, g\u00e1zmozg\u00e1sair\u00f3l \u00e9s a napsz\u00e9l eredet\u00e9r\u0151l \u2013 mindezt egy olyan sz\u00f6gb\u0151l, ahonnan eddig m\u00e9g soha senki nem l\u00e1tta legk\u00f6zelebbi csillagunkat. A felfedez\u00e9sek \u00faj korszakot nyithatnak a napfizik\u00e1ban.<br>Az Eur\u00f3pai \u0170r\u00fcgyn\u00f6ks\u00e9g (ESA) vezet\u00e9s\u00e9vel m\u0171k\u00f6d\u0151 Solar Orbiter \u0171rszonda vil\u00e1gels\u0151k\u00e9nt k\u00e9sz\u00edtett felv\u00e9teleket a Nap d\u00e9li p\u00f3lus\u00e1r\u00f3l, \u00faj megvil\u00e1g\u00edt\u00e1sba helyezve legk\u00f6zelebbi csillagunk m\u0171k\u00f6d\u00e9s\u00e9t. A szonda egyed\u00fcl\u00e1ll\u00f3, megd\u00f6nt\u00f6tt p\u00e1ly\u00e1ja lehet\u0151v\u00e9 tette, hogy a Napot az ekliptikai s\u00edkon k\u00edv\u00fclr\u0151l szeml\u00e9lje \u2013 ez pedig forradalmas\u00edthatja tud\u00e1sunkat a Nap m\u00e1gneses ter\u00e9r\u0151l, a napciklusr\u00f3l \u00e9s az \u0171rid\u0151j\u00e1r\u00e1sr\u00f3l.<\/p>\n\n\n\n<p>Minden kor\u00e1bbi, Napr\u00f3l k\u00e9sz\u00fclt felv\u00e9tel az ekliptikai s\u00edk k\u00f6zel\u00e9b\u0151l sz\u00e1rmazik \u2013 abb\u00f3l a lapos, t\u00e1ny\u00e9rszer\u0171 p\u00e1lyas\u00edkb\u00f3l, amelyen bolyg\u00f3ink \u00e9s a legt\u00f6bb \u0171reszk\u00f6z is kering. A Solar Orbiter azonban elt\u00e9r ett\u0151l, 2025. m\u00e1rcius 23-\u00e1n m\u00e1r 17 fokos sz\u00f6gben l\u00e1tta a Napot a napegyenl\u00edt\u0151t\u0151l sz\u00e1m\u00edtva, \u00edgy els\u0151k\u00e9nt kapott k\u00f6zvetlen r\u00e1l\u00e1t\u00e1st a d\u00e9li p\u00f3lusra. A k\u00f6vetkez\u0151 \u00e9vekben az \u0171rszonda p\u00e1ly\u00e1ja m\u00e9g meredekebb lesz, \u00edgy az igaz\u00e1n r\u00e9szletes p\u00f3lusfot\u00f3k m\u00e9g csak ezut\u00e1n k\u00f6vetkeznek majd.<\/p>\n\n\n\n<p>T\u00f6rt\u00e9nelmi els\u0151 k\u00e9pek<br>A 2025. m\u00e1rcius 16\u201317-\u00e9n k\u00e9sz\u00fclt felv\u00e9telek h\u00e1rom tudom\u00e1nyos m\u0171szer k\u00f6zrem\u0171k\u00f6d\u00e9s\u00e9vel j\u00f6ttek l\u00e9tre:<\/p>\n\n\n\n<p>PHI (Polarimetric and Helioseismic Imager): l\u00e1that\u00f3 f\u00e9nyben fot\u00f3zza a Napot, \u00e9s m\u00e1gneses t\u00e9rk\u00e9peket k\u00e9sz\u00edt.<br>EUI (Extreme Ultraviolet Imager): ultraibolya tartom\u00e1nyban l\u00e1tja a Napot, felt\u00e1rva a t\u00f6bb milli\u00f3 fokos koron\u00e1t.<br>SPICE (Spectral Imaging of the Coronal Environment): spektroszk\u00f3piai m\u00e9r\u00e9seket v\u00e9gez elemek \u00e9s h\u0151m\u00e9rs\u00e9kleti r\u00e9tegek szerint.<br>A h\u00e1rom k\u00fcl\u00f6nb\u00f6z\u0151 eszk\u00f6z egy\u00fcttm\u0171k\u00f6d\u00e9s\u00e9vel a kutat\u00f3k olyan \u00faj r\u00e9szleteket ismerhetnek meg, mint p\u00e9ld\u00e1ul p\u00f3lusi \u00f6rv\u00e9nyek \u2013 hasonl\u00f3k ahhoz, amiket kor\u00e1bban a V\u00e9nuszon vagy a Szaturnuszon figyeltek meg.<\/p>\n\n\n\n<figure class=\"wp-block-embed is-type-video is-provider-youtube wp-block-embed-youtube wp-embed-aspect-16-9 wp-has-aspect-ratio\"><div class=\"wp-block-embed__wrapper\">\n<iframe loading=\"lazy\" title=\"Solar Orbiter zooms into the Sun\u2019s south pole\" width=\"678\" height=\"381\" src=\"https:\/\/www.youtube.com\/embed\/TU4DcDgaMM0?feature=oembed\" frameborder=\"0\" allow=\"accelerometer; autoplay; clipboard-write; encrypted-media; gyroscope; picture-in-picture; web-share\" referrerpolicy=\"strict-origin-when-cross-origin\" allowfullscreen><\/iframe>\n<\/div><\/figure>\n\n\n\n<p>A PHI \u00e1ltal k\u00e9sz\u00edtett m\u00e1gneses t\u00e9rk\u00e9pek meglep\u0151 jelens\u00e9gre mutattak r\u00e1: a d\u00e9li p\u00f3luson mindk\u00e9t m\u00e1gneses p\u00f3lus jelen van egyszerre \u2013 mintha egy m\u00e1gnesnek nem lenne hat\u00e1rozott \u00e9szaki \u00e9s d\u00e9li v\u00e9ge. Ez a jelens\u00e9g a napciklus maximuma idej\u00e9n figyelhet\u0151 meg, amikor a Nap m\u00e1gneses tere \u00e9pp megfordul. N\u00e9h\u00e1ny \u00e9ven bel\u00fcl a p\u00f3lusokon egy\u00e9rtelm\u0171 m\u00e1gneses ir\u00e1ny alakul ki, \u00e9s el\u00e9rkezik a k\u00f6vetkez\u0151 napminimum \u2013 a Nap nyugodtabb id\u0151szaka.<\/p>\n\n\n\n<p>A mozg\u00e1sm\u00e9r\u00e9s sem \u00e1lom t\u00f6bb\u00e9<br>A SPICE most el\u0151sz\u00f6r v\u00e9gzett Doppler-m\u00e9r\u00e9st: a Nap felsz\u00edne feletti g\u00e1zmozg\u00e1sok sebess\u00e9g\u00e9t r\u00f6gz\u00edtette a spektroszk\u00f3piai eltol\u00f3d\u00e1s alapj\u00e1n. \u00cdgy siker\u00fclt meghat\u00e1rozni, milyen gyorsan mozognak p\u00e9ld\u00e1ul a sz\u00e9nionok a Nap l\u00e9gk\u00f6r\u00e9nek \u00fagynevezett tranz\u00edci\u00f3s r\u00e9teg\u00e9ben, ahol a h\u0151m\u00e9rs\u00e9klet meredeken n\u0151 t\u00edzezer fokr\u00f3l t\u00f6bb sz\u00e1zezerre.<\/p>\n\n\n\n<p>A m\u00e9r\u00e9sek kulcsfontoss\u00e1g\u00faak annak felt\u00e1r\u00e1s\u00e1hoz, hogyan keletkezik a napsz\u00e9l \u2013 a Napb\u00f3l folyamatosan ki\u00e1raml\u00f3 t\u00f6lt\u00f6tt r\u00e9szecske\u00e1ram, amely jelent\u0151s hat\u00e1ssal van a F\u00f6ld k\u00f6rnyezet\u00e9re \u00e9s a m\u0171holdas rendszerekre.<\/p>\n\n\n\n<p>\u00c9s hogy most mi k\u00f6vetkezik? A jelenlegi adatok csak az els\u0151 eredm\u00e9nyei a megd\u00f6nt\u00f6tt p\u00e1ly\u00e1j\u00fa megfigyel\u00e9seknek. A teljes adathalmaz \u2013 a Nap els\u0151 \u201ep\u00f3lust\u00f3l p\u00f3lusig\u201d t\u00f6rt\u00e9n\u0151 \u00e1trep\u00fcl\u00e9se sor\u00e1n \u2013 2025 okt\u00f3ber\u00e9re \u00e9rkezik meg a F\u00f6ldre. A Solar Orbiter \u00f6sszesen 10 tudom\u00e1nyos m\u0171szert hordoz, amelyek a k\u00f6vetkez\u0151 \u00e9vekben p\u00e9ld\u00e1tlan mennyis\u00e9g\u0171 \u00e9s min\u0151s\u00e9g\u0171 adatot gy\u0171jtenek majd.<\/p>\n\n\n\n<p>\u201eEz csak a Solar Orbiter \u00bbmennyei l\u00e9pcs\u0151j\u00e9nek\u00ab els\u0151 foka\u201d \u2013 fogalmaz Daniel M\u00fcller, az ESA projektkutat\u00f3ja. \u2013 \u201eA szonda a k\u00f6vetkez\u0151 \u00e9vekben egyre meredekebb p\u00e1ly\u00e1kra emelkedik, \u00e9s a p\u00f3lusok minden eddigin\u00e9l r\u00e9szletesebb megfigyel\u00e9s\u00e9re ny\u00edlik lehet\u0151s\u00e9g. Ezek az adatok gy\u00f6keresen \u00e1tform\u00e1lj\u00e1k tud\u00e1sunkat a Nap m\u00e1gneses mezej\u00e9r\u0151l, a napsz\u00e9lr\u0151l \u00e9s a naptev\u00e9kenys\u00e9gr\u0151l.\u201d<\/p>\n\n\n\n<p>Tov\u00e1bbi k\u00e9pek az ESA honlapj\u00e1n, <a href=\"https:\/\/www.esa.int\/Science_Exploration\/Space_Science\/Solar_Orbiter\/Solar_Orbiter_gets_world-first_views_of_the_Sun_s_poles\" target=\"_blank\" rel=\"noreferrer noopener\">ide kattintva l\u00e1that\u00f3k<\/a>.<\/p>\n\n\n\n<p><mark style=\"background-color:#ff6900\" class=\"has-inline-color has-white-color\">Tov\u00e1bb a cikkre:<\/mark> <a href=\"https:\/\/index.hu\/tudomany\/2025\/06\/12\/nap-urszonda-kepek-europai-urugynokseg\/\" target=\"_blank\" rel=\"noreferrer noopener\">index.hu<\/a> (Lendvai Andr\u00e1s)<\/p>\n","protected":false},"excerpt":{"rendered":"<p>Lehetetlennek hitt n\u00e9z\u0151pontb\u00f3l mutatta meg a Napot az Eur\u00f3pai \u0170r\u00fcgyn\u00f6ks\u00e9g Solar Orbiter \u0171rszond\u00e1ja: el\u0151sz\u00f6r k\u00e9sz\u00fcltek k\u00f6zvetlen felv\u00e9telek a Nap d\u00e9li p\u00f3lus\u00e1r\u00f3l. Az \u00faj, megd\u00f6nt\u00f6tt p\u00e1ly\u00e1j\u00e1nak k\u00f6sz\u00f6nhet\u0151en a szonda forradalmi megfigyel\u00e9seket tett a Nap m\u00e1gneses ter\u00e9r\u0151l, g\u00e1zmozg\u00e1sair\u00f3l \u00e9s a napsz\u00e9l eredet\u00e9r\u0151l \u2013 mindezt egy olyan sz\u00f6gb\u0151l, ahonnan eddig m\u00e9g soha senki nem l\u00e1tta legk\u00f6zelebbi csillagunkat. A [&hellip;]<\/p>\n","protected":false},"author":1,"featured_media":632,"comment_status":"closed","ping_status":"closed","sticky":false,"template":"","format":"standard","meta":{"footnotes":""},"categories":[18],"tags":[],"class_list":["post-631","post","type-post","status-publish","format-standard","has-post-thumbnail","hentry","category-napkitores"],"_links":{"self":[{"href":"https:\/\/uridojaras.hu\/index.php?rest_route=\/wp\/v2\/posts\/631","targetHints":{"allow":["GET"]}}],"collection":[{"href":"https:\/\/uridojaras.hu\/index.php?rest_route=\/wp\/v2\/posts"}],"about":[{"href":"https:\/\/uridojaras.hu\/index.php?rest_route=\/wp\/v2\/types\/post"}],"author":[{"embeddable":true,"href":"https:\/\/uridojaras.hu\/index.php?rest_route=\/wp\/v2\/users\/1"}],"replies":[{"embeddable":true,"href":"https:\/\/uridojaras.hu\/index.php?rest_route=%2Fwp%2Fv2%2Fcomments&post=631"}],"version-history":[{"count":3,"href":"https:\/\/uridojaras.hu\/index.php?rest_route=\/wp\/v2\/posts\/631\/revisions"}],"predecessor-version":[{"id":652,"href":"https:\/\/uridojaras.hu\/index.php?rest_route=\/wp\/v2\/posts\/631\/revisions\/652"}],"wp:featuredmedia":[{"embeddable":true,"href":"https:\/\/uridojaras.hu\/index.php?rest_route=\/wp\/v2\/media\/632"}],"wp:attachment":[{"href":"https:\/\/uridojaras.hu\/index.php?rest_route=%2Fwp%2Fv2%2Fmedia&parent=631"}],"wp:term":[{"taxonomy":"category","embeddable":true,"href":"https:\/\/uridojaras.hu\/index.php?rest_route=%2Fwp%2Fv2%2Fcategories&post=631"},{"taxonomy":"post_tag","embeddable":true,"href":"https:\/\/uridojaras.hu\/index.php?rest_route=%2Fwp%2Fv2%2Ftags&post=631"}],"curies":[{"name":"wp","href":"https:\/\/api.w.org\/{rel}","templated":true}]}}