{"id":537,"date":"2025-03-19T00:26:18","date_gmt":"2025-03-18T22:26:18","guid":{"rendered":"https:\/\/uridojaras.hu\/?p=537"},"modified":"2025-03-19T00:26:18","modified_gmt":"2025-03-18T22:26:18","slug":"musk-szerint-a-tesla-humanoid-robotjai-mar-jovore-a-marsra-indulnak","status":"publish","type":"post","link":"https:\/\/uridojaras.hu\/?p=537","title":{"rendered":"Musk szerint a Tesla humanoid robotjai m\u00e1r j\u00f6v\u0151re a Marsra indulnak"},"content":{"rendered":"\n<p>Ism\u00e9t nagy \u00edg\u00e9retet tett Musk a Starship, a Mars \u00e9s a robotok kapcs\u00e1n.<\/p>\n\n\n\n<p>B\u00e1r Elon Musknak hossz\u00fa \u00e9vek \u00f3ta vannak olyan nagy \u00edg\u00e9retei, amelyek v\u00e9g\u00fcl sokat cs\u00fasznak vagy nem v\u00e1lnak be, az ilyen kijelent\u00e9sekkel m\u00e9g mindig er\u0151sen megmozgatja a m\u00e9di\u00e1t \u00e9s a piacokat. P\u00e9nteken p\u00e9ld\u00e1ul kijelentette, hogy a j\u00f6v\u0151 \u00e9v v\u00e9g\u00e9n indul el egy Starship a Marsra, a Tesla humanoid robotj\u00e1val, az Optimussal a fed\u00e9lzet\u00e9n.<\/p>\n\n\n\n<p>Musk az X-bejegyz\u00e9s\u00e9ben azt mondta, hogy az emberek m\u00e1r 2029-ben lesz\u00e1llhatnak a Marsron, de a 2031 az\u00e9rt val\u00f3sz\u00edn\u0171bb d\u00e1tum, az is felt\u00e9ve, hogy az els\u0151 landol\u00e1sok j\u00f3l siker\u00fclnek.<\/p>\n\n\n\n<p>Tavaly \u00e1prilisban egy befektet\u0151knek sz\u00f3l\u00f3 megbesz\u00e9l\u00e9sen azt mondta Musk, hogy szerinte 2024 v\u00e9g\u00e9n a gy\u00e1rakban m\u00e1r dolgoznak majd az Optimus robotok.<\/p>\n\n\n\n<p>Novemberben j\u00f3l \u00e9rtes\u00fclt forr\u00e1sok pedig m\u00e1r arr\u00f3l besz\u00e9ltek, hogy Donald Trump eln\u00f6k alatt hangs\u00falyosabb projekt lesz Musk \u00e1lma, vagyis az emberek Marsra k\u00fcld\u00e9se. T\u00f6bben nagy v\u00e1ltoz\u00e1sokat v\u00e1rnak a NASA holdprogramja \u00e9s a SpaceX megb\u00edz\u00e1sai kapcs\u00e1n.<\/p>\n\n\n\n<p>A SpaceX egy\u00e9bk\u00e9nt jelenleg a r\u00e9szben \u00fajrafelhaszn\u00e1lhat\u00f3 Falcon 9-cel uralja a m\u0171holdas kil\u00f6v\u00e9si \u00fczlet\u00e1gat, de a j\u00f6v\u0151ben ehhez is elengedhetetlen lesz sz\u00e1mukra a Starship, nem csak a Musk Mars-koloniz\u00e1l\u00e1si terveihez.<\/p>\n\n\n<p><!-- https:\/\/itcafe.hu\/hir\/elon_musk_humanoid_robot_mars_startship.html --><\/p>\n","protected":false},"excerpt":{"rendered":"<p>Ism\u00e9t nagy \u00edg\u00e9retet tett Musk a Starship, a Mars \u00e9s a robotok kapcs\u00e1n. B\u00e1r Elon Musknak hossz\u00fa \u00e9vek \u00f3ta vannak olyan nagy \u00edg\u00e9retei, amelyek v\u00e9g\u00fcl sokat cs\u00fasznak vagy nem v\u00e1lnak be, az ilyen kijelent\u00e9sekkel m\u00e9g mindig er\u0151sen megmozgatja a m\u00e9di\u00e1t \u00e9s a piacokat. P\u00e9nteken p\u00e9ld\u00e1ul kijelentette, hogy a j\u00f6v\u0151 \u00e9v v\u00e9g\u00e9n indul el egy Starship [&hellip;]<\/p>\n","protected":false},"author":1,"featured_media":538,"comment_status":"closed","ping_status":"closed","sticky":false,"template":"","format":"standard","meta":{"footnotes":""},"categories":[19],"tags":[],"class_list":["post-537","post","type-post","status-publish","format-standard","has-post-thumbnail","hentry","category-urkutatas"],"_links":{"self":[{"href":"https:\/\/uridojaras.hu\/index.php?rest_route=\/wp\/v2\/posts\/537","targetHints":{"allow":["GET"]}}],"collection":[{"href":"https:\/\/uridojaras.hu\/index.php?rest_route=\/wp\/v2\/posts"}],"about":[{"href":"https:\/\/uridojaras.hu\/index.php?rest_route=\/wp\/v2\/types\/post"}],"author":[{"embeddable":true,"href":"https:\/\/uridojaras.hu\/index.php?rest_route=\/wp\/v2\/users\/1"}],"replies":[{"embeddable":true,"href":"https:\/\/uridojaras.hu\/index.php?rest_route=%2Fwp%2Fv2%2Fcomments&post=537"}],"version-history":[{"count":1,"href":"https:\/\/uridojaras.hu\/index.php?rest_route=\/wp\/v2\/posts\/537\/revisions"}],"predecessor-version":[{"id":539,"href":"https:\/\/uridojaras.hu\/index.php?rest_route=\/wp\/v2\/posts\/537\/revisions\/539"}],"wp:featuredmedia":[{"embeddable":true,"href":"https:\/\/uridojaras.hu\/index.php?rest_route=\/wp\/v2\/media\/538"}],"wp:attachment":[{"href":"https:\/\/uridojaras.hu\/index.php?rest_route=%2Fwp%2Fv2%2Fmedia&parent=537"}],"wp:term":[{"taxonomy":"category","embeddable":true,"href":"https:\/\/uridojaras.hu\/index.php?rest_route=%2Fwp%2Fv2%2Fcategories&post=537"},{"taxonomy":"post_tag","embeddable":true,"href":"https:\/\/uridojaras.hu\/index.php?rest_route=%2Fwp%2Fv2%2Ftags&post=537"}],"curies":[{"name":"wp","href":"https:\/\/api.w.org\/{rel}","templated":true}]}}