{"id":431,"date":"2024-11-02T14:06:18","date_gmt":"2024-11-02T12:06:18","guid":{"rendered":"https:\/\/uridojaras.hu\/?p=431"},"modified":"2024-11-02T14:06:18","modified_gmt":"2024-11-02T12:06:18","slug":"paratlan-video-mutatja-be-a-kinai-mennyei-palota-urallomast-amit-hamarosan-kibovithetnek","status":"publish","type":"post","link":"https:\/\/uridojaras.hu\/?p=431","title":{"rendered":"P\u00e1ratlan vide\u00f3 mutatja be a k\u00ednai Mennyei Palota \u0171r\u00e1llom\u00e1st, amit hamarosan kib\u0151v\u00edthetnek"},"content":{"rendered":"\n<p>K\u00ednai tajkonaut\u00e1k ritka betekint\u00e9st adtak az orsz\u00e1g Mennyei Palota (Tienkung) \u0171r\u00e1llom\u00e1s\u00e1nak belsej\u00e9be \u00e9s az ott foly\u00f3 munk\u00e1ba. A Futurism.com h\u00e9tf\u0151i cikke szerint a Sencsou-18 leg\u00e9nys\u00e9ge k\u00f6zel h\u00e9t perces vide\u00f3ban mutatja be az \u0171r\u00e1llom\u00e1st, amit a port\u00e1l meglep\u0151en alaposnak nevez annak f\u00e9ny\u00e9ben, hogy kor\u00e1bban a k\u00ednai \u0171rprogramot mennyire a titkol\u00f3z\u00e1s jellemezte.<\/p>\n\n\n\n<figure class=\"wp-block-embed is-type-video is-provider-youtube wp-block-embed-youtube wp-embed-aspect-16-9 wp-has-aspect-ratio\"><div class=\"wp-block-embed__wrapper\">\n<iframe loading=\"lazy\" title=\"Shenzhou-18 Crew Records Video Showcasing Life, Work in Space\" width=\"678\" height=\"381\" src=\"https:\/\/www.youtube.com\/embed\/IMoomWmIkww?feature=oembed\" frameborder=\"0\" allow=\"accelerometer; autoplay; clipboard-write; encrypted-media; gyroscope; picture-in-picture; web-share\" referrerpolicy=\"strict-origin-when-cross-origin\" allowfullscreen><\/iframe>\n<\/div><\/figure>\n\n\n\n<p>Az \u0171rhaj\u00f3sok az \u00e1llami tulajdon\u00fa CCTV k\u00ednai telev\u00edzi\u00f3 \u00e1ltal leadott, angol feliratokkal ell\u00e1tott vide\u00f3ban megmutatj\u00e1k az \u0171rbeli laborat\u00f3rium lak\u00f3modulj\u00e1t, \u00e9s a benne kialak\u00edtott konyh\u00e1t, valamint fekv\u0151helyeket, amelyekb\u0151l kil\u00e1t\u00e1s ny\u00edlik a F\u00f6ldre. Ezut\u00e1n \u00e1tmennek a k\u00e9t laborat\u00f3riumk\u00e9nt szolg\u00e1l\u00f3 modulba is. Ezek egyik\u00e9ben tal\u00e1lhat\u00f3 a Tienkung \u201e\u00fcvegh\u00e1za\u201d, ahol a tajkonaut\u00e1k cseresznyeparadicsomot \u00e9s kerti sal\u00e1t\u00e1t termesztenek.<\/p>\n\n\n\n<p>A Sencsou-18 tajkonaut\u00e1i, Kuang-fu Je, Cung Li \u00e9s Kuang-szu Li 2024. \u00e1prilis 24-e \u00f3ta, vagyis 185 napja tart\u00f3zkodnak a Tienkung fed\u00e9lzet\u00e9n. A k\u00fcldet\u00e9s sor\u00e1n Kuang-fu \u00e9s Kuang-szu v\u00e9grehajtott\u00e1k a k\u00ednai \u0171rkutat\u00e1s t\u00f6rt\u00e9net\u00e9nek leghosszabb, 8,5 \u00f3r\u00e1n \u00e1t tart\u00f3 \u0171rs\u00e9t\u00e1j\u00e1t, amikor \u0171rszem\u00e9t elleni v\u00e9d\u0151pajzsot szereltek az \u0171r\u00e1llom\u00e1sra \u00e9s megvizsg\u00e1lt\u00e1k annak k\u00fclsej\u00e9t.<\/p>\n\n\n\n<p>A h\u00e1rom modulb\u00f3l \u00e1ll\u00f3 \u0171r\u00e1llom\u00e1s j\u00f3val kisebb az amerikai-orosz-eur\u00f3pai-jap\u00e1n egy\u00fcttm\u0171k\u00f6d\u00e9sben, mintegy 190 milli\u00e1rd doll\u00e1rb\u00f3l fel\u00e9p\u00edtett \u00e9s m\u0171k\u00f6dtetett Nemzetk\u00f6zi \u0170r\u00e1llom\u00e1sn\u00e1l (ISS). El\u0151bbinek 340 k\u00f6bm\u00e9ter a nyom\u00e1s alatt l\u00e9v\u0151 t\u00e9rfogata, m\u00edg a 16 modulb\u00f3l \u00e1ll\u00f3 ISS-\u00e9 1000 k\u00f6bm\u00e9ter, \u00e9s az ISS t\u00f6mege t\u00f6bb mint n\u00e9gyszerese a Tienkung\u00e9nak.<\/p>\n\n\n\n<figure class=\"wp-block-image size-full\"><img loading=\"lazy\" decoding=\"async\" width=\"1024\" height=\"1024\" src=\"https:\/\/uridojaras.hu\/wp-content\/uploads\/2024\/11\/876RoezeVvf0GWGWs-xl.jpeg\" alt=\"\" class=\"wp-image-432\" srcset=\"https:\/\/uridojaras.hu\/wp-content\/uploads\/2024\/11\/876RoezeVvf0GWGWs-xl.jpeg 1024w, https:\/\/uridojaras.hu\/wp-content\/uploads\/2024\/11\/876RoezeVvf0GWGWs-xl-300x300.jpeg 300w, https:\/\/uridojaras.hu\/wp-content\/uploads\/2024\/11\/876RoezeVvf0GWGWs-xl-150x150.jpeg 150w, https:\/\/uridojaras.hu\/wp-content\/uploads\/2024\/11\/876RoezeVvf0GWGWs-xl-768x768.jpeg 768w\" sizes=\"auto, (max-width: 1024px) 100vw, 1024px\" \/><\/figure>\n\n\n\n<p>A tajkonaut\u00e1k novemberben t\u00e9rnek majd vissza, miut\u00e1n a Sencsou-19 leg\u00e9nys\u00e9ge meg\u00e9rkezik az \u0171r\u00e1llom\u00e1sra. Erre m\u00e1r nem kell sokat v\u00e1rni, ugyanis a k\u00fcldet\u00e9st magyar id\u0151 szerint kedd k\u00e9s\u0151 este ind\u00edtj\u00e1k \u00fatnak. A tajkonaut\u00e1k a Hossz\u00fa Menetel\u00e9s\u20132F rak\u00e9ta tetej\u00e9re szerelt Sencsou \u0171rhaj\u00f3ban utaznak majd, ahol hat h\u00f3napot fognak elt\u00f6lteni.<\/p>\n\n\n\n<p>A k\u00ednai \u0171rkutat\u00e1st k\u00f6zelr\u0151l k\u00f6vet\u0151 Andrew Jones szak\u00fajs\u00e1g\u00edr\u00f3 h\u00e9tf\u0151i cikke szerint az \u0171r\u00e1llom\u00e1sra tov\u00e1bbi b\u0151v\u00edt\u00e9s v\u00e1r, amit l\u00e9p\u00e9senk\u00e9nt hajt majd v\u00e9gre. Az els\u0151 ezek k\u00f6z\u00fcl a f\u0151 modul cser\u00e9je lesz, hogy a Tienkungot tov\u00e1bb lehessen b\u0151v\u00edteni. Ezut\u00e1n elind\u00edtnak majd egy, a Hubble \u0171rt\u00e1vcs\u0151h\u00f6z hasonl\u00f3 \u0171rt\u00e1vcs\u00f6vet, amely az \u00e1llom\u00e1s p\u00e1ly\u00e1j\u00e1nak k\u00f6zel\u00e9ben fog keringeni \u00e9s n\u00e9ha hozz\u00e1csatlakozik majd.<\/p>\n\n\n\n<p>K\u00f6zben az \u00e1zsiai orsz\u00e1g egy \u00faj, a SpaceX Dragonj\u00e1hoz vagy a NASA Orionj\u00e1hoz hasonl\u00f3 \u0171rhaj\u00f3 kifejleszt\u00e9s\u00e9n is dolgozik, amely terveik szerint az \u0171r\u00e1llom\u00e1s mellett a Holdhoz sz\u00e1ll\u00edt majd tajkonaut\u00e1kat. Ennek az els\u0151, F\u00f6ld k\u00f6r\u00fcli p\u00e1ly\u00e1ig tart\u00f3 \u00fatja 2027-ben v\u00e1rhat\u00f3.<\/p>\n\n\n<p><!-- Forr\u00e1s: https:\/\/qubit.hu\/2024\/10\/29\/paratlan-video-mutatja-be-a-kinai-mennyei-palota-urallomast-amit-hamarosan-kibovithetnek --><\/p>\n","protected":false},"excerpt":{"rendered":"<p>K\u00ednai tajkonaut\u00e1k ritka betekint\u00e9st adtak az orsz\u00e1g Mennyei Palota (Tienkung) \u0171r\u00e1llom\u00e1s\u00e1nak belsej\u00e9be \u00e9s az ott foly\u00f3 munk\u00e1ba. A Futurism.com h\u00e9tf\u0151i cikke szerint a Sencsou-18 leg\u00e9nys\u00e9ge k\u00f6zel h\u00e9t perces vide\u00f3ban mutatja be az \u0171r\u00e1llom\u00e1st, amit a port\u00e1l meglep\u0151en alaposnak nevez annak f\u00e9ny\u00e9ben, hogy kor\u00e1bban a k\u00ednai \u0171rprogramot mennyire a titkol\u00f3z\u00e1s jellemezte. Az \u0171rhaj\u00f3sok az \u00e1llami tulajdon\u00fa [&hellip;]<\/p>\n","protected":false},"author":1,"featured_media":433,"comment_status":"open","ping_status":"open","sticky":false,"template":"","format":"standard","meta":{"footnotes":""},"categories":[19],"tags":[],"class_list":["post-431","post","type-post","status-publish","format-standard","has-post-thumbnail","hentry","category-urkutatas"],"_links":{"self":[{"href":"https:\/\/uridojaras.hu\/index.php?rest_route=\/wp\/v2\/posts\/431","targetHints":{"allow":["GET"]}}],"collection":[{"href":"https:\/\/uridojaras.hu\/index.php?rest_route=\/wp\/v2\/posts"}],"about":[{"href":"https:\/\/uridojaras.hu\/index.php?rest_route=\/wp\/v2\/types\/post"}],"author":[{"embeddable":true,"href":"https:\/\/uridojaras.hu\/index.php?rest_route=\/wp\/v2\/users\/1"}],"replies":[{"embeddable":true,"href":"https:\/\/uridojaras.hu\/index.php?rest_route=%2Fwp%2Fv2%2Fcomments&post=431"}],"version-history":[{"count":1,"href":"https:\/\/uridojaras.hu\/index.php?rest_route=\/wp\/v2\/posts\/431\/revisions"}],"predecessor-version":[{"id":434,"href":"https:\/\/uridojaras.hu\/index.php?rest_route=\/wp\/v2\/posts\/431\/revisions\/434"}],"wp:featuredmedia":[{"embeddable":true,"href":"https:\/\/uridojaras.hu\/index.php?rest_route=\/wp\/v2\/media\/433"}],"wp:attachment":[{"href":"https:\/\/uridojaras.hu\/index.php?rest_route=%2Fwp%2Fv2%2Fmedia&parent=431"}],"wp:term":[{"taxonomy":"category","embeddable":true,"href":"https:\/\/uridojaras.hu\/index.php?rest_route=%2Fwp%2Fv2%2Fcategories&post=431"},{"taxonomy":"post_tag","embeddable":true,"href":"https:\/\/uridojaras.hu\/index.php?rest_route=%2Fwp%2Fv2%2Ftags&post=431"}],"curies":[{"name":"wp","href":"https:\/\/api.w.org\/{rel}","templated":true}]}}