{"id":250,"date":"2024-09-12T21:20:26","date_gmt":"2024-09-12T19:20:26","guid":{"rendered":"https:\/\/uridojaras.hu\/?p=250"},"modified":"2024-10-28T19:45:38","modified_gmt":"2024-10-28T17:45:38","slug":"elarvult-orosz-urraketak-varnak-a-sorsukra-az-europai-unio-del-amerikai-urbazisan","status":"publish","type":"post","link":"https:\/\/uridojaras.hu\/?p=250","title":{"rendered":"El\u00e1rvult orosz \u0171rrak\u00e9t\u00e1k v\u00e1rnak a sorsukra az Eur\u00f3pai Uni\u00f3 d\u00e9l-amerikai \u0171rb\u00e1zis\u00e1n"},"content":{"rendered":"\n<p>Az ukrajnai h\u00e1bor\u00fa el\u0151tt \u00edg\u00e9retesen alakult az Uni\u00f3 \u00e9s Oroszorsz\u00e1g \u0171ripari egy\u00fcttm\u0171k\u00f6d\u00e9se, de mostanra m\u00e1r nemcsak a politikai ellent\u00e9tek, de az \u00f6sszegabalyodott eszk\u00f6z\u00f6k is akad\u00e1lyozz\u00e1k egym\u00e1st. Igaz ez a jobb sorsra \u00e9rdemes orosz \u0171rrak\u00e9t\u00e1kra a t\u00e1voli Francia Guyan\u00e1ban is.<br><br>Az Uni\u00f3nak most m\u00e1r a F\u00f6ld t\u00e1volabbi pontjain is gondjai vannak Oroszorsz\u00e1ggal, \u00edgy p\u00e9ld\u00e1ul az isten h\u00e1ta m\u00f6g\u00f6tti Francia Guyan\u00e1ban, ahol a legfontosabb eur\u00f3pai tulajdon\u00fa kil\u00f6v\u0151hely tal\u00e1lhat\u00f3. A probl\u00e9ma ott az, hogy a b\u00e9k\u00e9s id\u0151kb\u0151l sz\u00e1rmaz\u00f3 k\u00e9t Szojuz-2 t\u00edpus\u00fa orosz hordoz\u00f3rak\u00e9ta foglalja el a helyet, \u00e9s a gazd\u00e1tlanul h\u00e1trahagyott kiv\u00e1l\u00f3 eszk\u00f6z\u00f6kkel ideje lenne valamit kezdeni.<br><br>Oroszorsz\u00e1g az\u00e9rt b\u00e9relt kil\u00f6v\u0151helyet a ter\u00fcleten, mert az gyakorlatilag az Egyenl\u00edt\u0151n fekszik, nem \u00fagy, mint a tradicion\u00e1lis szovjet-orosz f\u0151b\u00e1zis a kazahszt\u00e1ni Bajkonurban. Az \u0171rhaj\u00f3z\u00e1s egyik alapt\u00e9tele viszont az, hogy ha a startpoz\u00edci\u00f3 min\u00e9l k\u00f6zelebb van a 0\u00b0 sz\u00e9less\u00e9gi fokhoz, ann\u00e1l nagyobb energi\u00e1t vehet \u00e1t a bolyg\u00f3 forg\u00e1si sebess\u00e9g\u00e9b\u0151l, \u00e9s mindezt kisebb \u00fczemanyag felhaszn\u00e1l\u00e1ssal \u00e9s t\u00f6bb hasznos teherrel.<\/p>\n\n\n\n<figure class=\"wp-block-image size-full\"><img loading=\"lazy\" decoding=\"async\" width=\"750\" height=\"422\" src=\"https:\/\/uridojaras.hu\/wp-content\/uploads\/2024\/09\/750x422_cmsv2_f9cb512b-e10f-528e-ba8b-d77874c3bb2e-8594220.webp\" alt=\"\" class=\"wp-image-251\" srcset=\"https:\/\/uridojaras.hu\/wp-content\/uploads\/2024\/09\/750x422_cmsv2_f9cb512b-e10f-528e-ba8b-d77874c3bb2e-8594220.webp 750w, https:\/\/uridojaras.hu\/wp-content\/uploads\/2024\/09\/750x422_cmsv2_f9cb512b-e10f-528e-ba8b-d77874c3bb2e-8594220-300x169.webp 300w\" sizes=\"auto, (max-width: 750px) 100vw, 750px\" \/><\/figure>\n\n\n\n<p>A Francia Guyana-i \u0171rb\u00e1zis az \u00e9szaki sz\u00e9less\u00e9g 2\u00b0 fok\u00e1n fekszik, m\u00edg Kazahszt\u00e1n eset\u00e9ben ez 48\u00b0, teh\u00e1t a k\u00fcl\u00f6nbs\u00e9g rendk\u00edv\u00fcl jelent\u0151s a d\u00e9l-amerikai helysz\u00edn jav\u00e1ra.<br><br>Szokatlan dilemma, mert nem valami leromlott \u00f3cskavasr\u00f3l van sz\u00f3<br>A guyanai telep egyik sark\u00e1ban, sil\u00f3kba z\u00e1rva v\u00e1rakozik k\u00e9t darab, egyenk\u00e9nt 80 milli\u00f3 doll\u00e1r \u00e9rt\u00e9k\u0171 \u00e9s 100 tonna t\u00f6meg\u0171 Szojuz-2, melyeket csillag\u00e1szati k\u00f6lts\u00e9ggel lehetne csak visszasz\u00e1ll\u00edtani Oroszorsz\u00e1gba, r\u00e1ad\u00e1sul ezt m\u00e9g a h\u00e1bor\u00fas id\u0151k rideg viszonyai is akad\u00e1lyozz\u00e1k.<br><br>Nincs is nagyon kivel megbesz\u00e9lni a visszaad\u00e1st, mert az ukrajnai h\u00e1bor\u00fa kezdetekor a Roszkozmosz hirtelen hazarendelte a m\u00e9rn\u00f6keit, ez\u00e9rt magasabb szint\u0171 diplom\u00e1ciai megold\u00e1sra lenne sz\u00fcks\u00e9g. Az egyik helyi tisztvisel\u0151 tudom\u00e1sa szerint folyik valamilyen meg\u00e1llapod\u00e1s el\u0151k\u00e9sz\u00edt\u00e9se, mert az \u00fcgy s\u00fcrget\u0151 \u00e9s Eur\u00f3p\u00e1nak nagyon kellene m\u00e1r a hely saj\u00e1t ambici\u00f3zus fejleszt\u00e9si programjaihoz, de konkr\u00e9t megold\u00e1s m\u00e9g nem sejlik fel.<br><br>Az Ariane 6 vet v\u00e9get az eur\u00f3pai &#8222;hordoz\u00f3rak\u00e9ta-v\u00e1ls\u00e1gnak&#8221;<br>\u201eOlyan ez, mint amikor b\u00e9rbe adunk valakinek egy lak\u00e1st, de az illet\u0151 a cuccait h\u00e1trahagyva hirtelen t\u00e1vozik. Kidobni, eladni nem lehet, mert nem a ti\u00e9d, \u00e9s t\u00fal \u00e9rt\u00e9kes \u00e9s hasznos ahhoz, hogy sz\u00e9tszereld\u201d \u2013 mondta err\u0151l egy szak\u00e9rt\u0151.<br><br>Hozz\u00e1tette, hogy az orosz rak\u00e9t\u00e1k kifog\u00e1stalan \u00e1llapotban vannak \u00e9s nagyon magas technikai min\u0151s\u00e9get k\u00e9pviselnek, amire a nyugati \u00fcgyn\u00f6ks\u00e9gek hossz\u00fa \u00e9veken \u00e1t t\u00e1maszkodtak is. Az amerikai \u0171r\u00fcgyn\u00f6ks\u00e9g, a NASA eddig 56 alkalommal vette ig\u00e9nybe a Szojuz 2.1 szolg\u00e1lat\u00e1t, az \u00f6sszes sikeres kil\u00f6v\u00e9s pedig m\u00e1r 140 f\u00f6l\u00f6tt j\u00e1r.<br><br>A m\u00e9zes \u00e9veknek most befellegzett, \u00e9s kell az oroszok h\u0171lt helye<br>Az eur\u00f3pai \u00e9s az orosz \u00fcgyn\u00f6ks\u00e9g m\u00e9g 2005-ben \u00e1llapodott meg arr\u00f3l, hogy Oroszorsz\u00e1g fell\u00f6v\u00e9seket ind\u00edt Francia Guyan\u00e1b\u00f3l is. 2012-ben a Roszkozmosz elkezdte haszn\u00e1lni a rendk\u00edv\u00fcl megb\u00edzhat\u00f3 Szojuz rendszer m\u00f3dos\u00edtott v\u00e1ltozat\u00e1t, s\u0151t n\u00e9h\u00e1ny uni\u00f3s m\u0171holdat is felbocs\u00e1tott.<br><br>Az ukrajnai agresszi\u00f3 azonban meg\u00e1ll\u00edtotta a folyamatot, amikor Dmitrij Rogozin, a Roszkozmosz akkori f\u0151n\u00f6ke bejelentette a teljes orosz szem\u00e9lyzetet kivon\u00e1s\u00e1t az \u0171rb\u00e1zisr\u00f3l.<br><br>A francia \u0171rkutat\u00e1si hivatal (CNES) k\u00f6zl\u00e9se szerint a rak\u00e9t\u00e1kat egyel\u0151re biztons\u00e1gosan t\u00e1rolj\u00e1k az \u0171rkik\u00f6t\u0151 ter\u00fclet\u00e9n. Az \u00fcgyet viszont nehez\u00edti, hogy amikor m\u00e9g a Roszkozmosz int\u00e9zte a fell\u00f6v\u00e9seket \u00e9s az \u00fczemanyagell\u00e1t\u00e1st, az eur\u00f3pai csapatot nem k\u00e9pezt\u00e9k ki a Szojuzok szerel\u00e9sre \u00e9s mozgat\u00e1sra, ez\u00e9rt nem ny\u00faln\u00e1nak sz\u00edvesen az orosz hardverhez.<br><br>A hordoz\u00f3kat viszont miel\u0151bb \u00e1t kell helyezni, de hov\u00e1 \u00e9s hogyan? Az\u00e9rt s\u00fcrget\u0151 ez, mert beindulnak olyan \u00faj programok, amelyek priv\u00e1t besz\u00e1ll\u00edt\u00f3i bejelentett\u00e9k ig\u00e9ny\u00fcket az \u0171rrep\u00fcl\u0151t\u00e9r Roszkozmosz ter\u00fclet\u00e9re.<br><br>Mindez r\u00e9sze az Eur\u00f3pai \u0170r\u00fcgyn\u00f6ks\u00e9g (ESA) \u00fajfajta t\u00f6rekv\u00e9s\u00e9nek, hogy elt\u00e9rjenek a nagy \u00e1llami programok kiz\u00e1r\u00f3lagos felhaszn\u00e1l\u00e1s\u00e1t\u00f3l, \u00e9s egy \u201eamerikaibb\u201d \u00fczletvitel fel\u00e9 forduljanak, t\u00e1maszkodva a kisebb, f\u00fcrg\u00e9bb \u00e9s olcs\u00f3bb mag\u00e1nv\u00e1llalkoz\u00e1sokra, akiknek viszont kell a hely.<br><br>Mindez tipikus el\u0151k\u00e9pe Elon Musk \u0171rhaj\u00f3z\u00e1si v\u00e1llalat\u00e1nak, a SpaceX-nek fokozott r\u00e9szv\u00e9tel\u00e9re a NASA programjaiban, alacsonyabb \u00e1ron \u00e9s magasabb m\u0171szaki sz\u00ednvonalon. Az eml\u00edtett lak\u00e1s-p\u00e9ld\u00e1ra visszat\u00e9rve: lenne teh\u00e1t \u00faj b\u00e9rl\u0151, de nem tud bek\u00f6lt\u00f6zni az el\u0151z\u0151 lak\u00f3 holmijai miatt.<br><br>A Szojuz t\u00e1voz\u00e1sa \u00e9s az eur\u00f3pai Ariane 6 program k\u00e9s\u00e9sei a nagy eur\u00f3pai \u0171rorsz\u00e1gok figyelm\u00e9t a kontinensen felbukkan\u00f3 kisebb c\u00e9gekre \u00f6sszpontos\u00edtott\u00e1k. Az \u00e9v elej\u00e9n a CNES versenyt \u00edrt ki a priv\u00e1t \u0171rc\u00e9gek sz\u00e1m\u00e1ra, hogy saj\u00e1t programjaikhoz \u0151k is haszn\u00e1lj\u00e1k fel a l\u00e9tes\u00edtm\u00e9nyt. A mag\u00e1nc\u00e9gek aj\u00e1nlatainak elemz\u00e9se m\u00e9g tart.<br><br>Az Eur\u00f3pai \u0170r\u00fcgyn\u00f6ks\u00e9g is kereszt\u00fathoz \u00e9rkezett &#8211; massz\u00edv fejleszt\u00e9sek sz\u00fcks\u00e9gesek, \u00e9s nincs hozz\u00e1 el\u00e9g fiatal szakember<br>\u201eEgy ellen\u00e1ll\u00f3bb, sokkal auton\u00f3mabb \u00e9s strat\u00e9giailag f\u00fcggetlen ipart kell l\u00e9trehoznunk\u201d \u2013 mondta Josef Aschbacher ESA f\u0151igazgat\u00f3 a POLITICO-nak 2022-ben, amikor az Oroszorsz\u00e1ggal k\u00f6z\u00f6s ExoMars misszi\u00f3 terve is eleny\u00e9szett. Az ESA miniszterei ekkor \u00e1llapodtak meg abban, hogy a Franciaorsz\u00e1g visszaszerzi az ir\u00e1ny\u00edt\u00e1st az \u0171rkik\u00f6t\u0151 orosz r\u00e9sze felett, amely 660 n\u00e9gyzetkilom\u00e9ter\u00e9vel nagyobb, mint Budapest.<br><br>Az eur\u00f3pai hivatal \u00e9s az Olasz \u0170r\u00fcgyn\u00f6ks\u00e9g k\u00f6z\u00f6s fejleszt\u00e9s\u0171 Vega rak\u00e9t\u00e1inak ind\u00edt\u00e1s\u00e1val az \u0171rrep\u00fcl\u0151t\u00e9r fell\u00f6v\u00e9sei dr\u00e1mai m\u00e9rt\u00e9kben megn\u0151nek. M\u00e9g nem vil\u00e1gos, hogy van-e ig\u00e9ny az Ariane 6 k\u00fcldet\u00e9sek \u00e9vi kilenc f\u00f6l\u00e9 emel\u00e9s\u00e9re, de hamarosan ebb\u0151l a k\u00f6zpontb\u00f3l indulnak olyan rak\u00e9t\u00e1k is, mint a spanyol PLD Space, a francia MaiaSpace, valamint a n\u00e9met du\u00f3, az Isar Aerospace \u00e9s a Rocket Factory Augsburg.<\/p>\n\n\n\n<figure class=\"wp-block-image size-full\"><img loading=\"lazy\" decoding=\"async\" width=\"750\" height=\"422\" src=\"https:\/\/uridojaras.hu\/wp-content\/uploads\/2024\/09\/750x422_cmsv2_b70820b3-1911-57fa-9dee-082de9e4f1ca-8594220.webp\" alt=\"\" class=\"wp-image-252\" srcset=\"https:\/\/uridojaras.hu\/wp-content\/uploads\/2024\/09\/750x422_cmsv2_b70820b3-1911-57fa-9dee-082de9e4f1ca-8594220.webp 750w, https:\/\/uridojaras.hu\/wp-content\/uploads\/2024\/09\/750x422_cmsv2_b70820b3-1911-57fa-9dee-082de9e4f1ca-8594220-300x169.webp 300w\" sizes=\"auto, (max-width: 750px) 100vw, 750px\" \/><\/figure>\n\n\n\n<p>M\u00edg a f\u00f6ldrajz a guyanai \u0171rkik\u00f6t\u0151t a vil\u00e1g legjobb fekv\u00e9s\u0171 kil\u00f6v\u0151 l\u00e9tes\u00edtm\u00e9ny\u00e9v\u00e9 teszi, ez m\u00e1r nem el\u00e9g a korszer\u0171 m\u0171k\u00f6dtet\u00e9shez. A r\u00e9gi Windows oper\u00e1ci\u00f3s rendszereket \u00fajabbakra kell cser\u00e9lni, \u00e9s gondoskodni kell a mobil jelrendszer fejleszt\u00e9s\u00e9r\u0151l is, ami m\u00e1r olyan rossz, hogy gyakran Musk Starlinkj\u00e9t kell haszn\u00e1lni az internet el\u00e9r\u00e9s\u00e9hez. Az \u0171rkik\u00f6t\u0151t \u00e1t kell emelni a a 21. sz\u00e1zadba.<br><br>M\u00e1sik s\u00falyos probl\u00e9ma a fiatal \u00e9s szakk\u00e9pzett szem\u00e9lyzetet toborz\u00e1sa. Jogilag a ter\u00fclet egy francia megye \u00e9s az Eur\u00f3pai Uni\u00f3 r\u00e9sze, de P\u00e1rizst\u00f3l akkor is kilenc \u00f3r\u00e1s rep\u00fcl\u0151\u00fatra van. Egyel\u0151re \u00fagy t\u0171nik, hogy a szabad tengerpart, a mindig kellemes kl\u00edma, a kiv\u00e1l\u00f3 konyha, vagy Braz\u00edlia, a karibi vil\u00e1g, s\u0151t az USA k\u00f6zels\u00e9ge sem jelentenek kell\u0151 vonzer\u0151t a fiatal eur\u00f3pai szakembereknek.<br><br>\u201eNem \u00e9rtem ezt, mert p\u00e9ntek d\u00e9lut\u00e1n a munkahelyedr\u0151l egyenesen az \u00f3ce\u00e1nba csobbanhatsz \u00e9s ut\u00e1na a legjobb hal\u00e9teleket eheted\u201d \u2013 mondja Michel Debraine, az \u0171rkik\u00f6t\u0151 infrastruktur\u00e1lis irodavezet\u0151je, aki szerint a remek \u00e9letk\u00f6r\u00fclm\u00e9nyek ide cs\u00e1b\u00edthatn\u00e1nak sok t\u00f6rekv\u0151 rak\u00e9tam\u00e9rn\u00f6k\u00f6t.<br><br>Miel\u0151tt azonban t\u00f6bb sz\u00e1z \u00faj szakembert toborozn\u00e1nak Kourou-ra, valamit tenni kellene az el\u00e1rvult orosz rak\u00e9t\u00e1kkal is.<\/p>\n\n\n<p><!-- Forr\u00e1s: https:\/\/hu.euronews.com\/2024\/07\/23\/elarvult-orosz-urraketak-europai-unio-del-amerikai-kilovohely-francia-guyana-ariane --><\/p>\n","protected":false},"excerpt":{"rendered":"<p>Az ukrajnai h\u00e1bor\u00fa el\u0151tt \u00edg\u00e9retesen alakult az Uni\u00f3 \u00e9s Oroszorsz\u00e1g \u0171ripari egy\u00fcttm\u0171k\u00f6d\u00e9se, de mostanra m\u00e1r nemcsak a politikai ellent\u00e9tek, de az \u00f6sszegabalyodott eszk\u00f6z\u00f6k is akad\u00e1lyozz\u00e1k egym\u00e1st. Igaz ez a jobb sorsra \u00e9rdemes orosz \u0171rrak\u00e9t\u00e1kra a t\u00e1voli Francia Guyan\u00e1ban is. Az Uni\u00f3nak most m\u00e1r a F\u00f6ld t\u00e1volabbi pontjain is gondjai vannak Oroszorsz\u00e1ggal, \u00edgy p\u00e9ld\u00e1ul az isten [&hellip;]<\/p>\n","protected":false},"author":1,"featured_media":253,"comment_status":"closed","ping_status":"closed","sticky":false,"template":"","format":"standard","meta":{"footnotes":""},"categories":[19],"tags":[],"class_list":["post-250","post","type-post","status-publish","format-standard","has-post-thumbnail","hentry","category-urkutatas"],"_links":{"self":[{"href":"https:\/\/uridojaras.hu\/index.php?rest_route=\/wp\/v2\/posts\/250","targetHints":{"allow":["GET"]}}],"collection":[{"href":"https:\/\/uridojaras.hu\/index.php?rest_route=\/wp\/v2\/posts"}],"about":[{"href":"https:\/\/uridojaras.hu\/index.php?rest_route=\/wp\/v2\/types\/post"}],"author":[{"embeddable":true,"href":"https:\/\/uridojaras.hu\/index.php?rest_route=\/wp\/v2\/users\/1"}],"replies":[{"embeddable":true,"href":"https:\/\/uridojaras.hu\/index.php?rest_route=%2Fwp%2Fv2%2Fcomments&post=250"}],"version-history":[{"count":2,"href":"https:\/\/uridojaras.hu\/index.php?rest_route=\/wp\/v2\/posts\/250\/revisions"}],"predecessor-version":[{"id":396,"href":"https:\/\/uridojaras.hu\/index.php?rest_route=\/wp\/v2\/posts\/250\/revisions\/396"}],"wp:featuredmedia":[{"embeddable":true,"href":"https:\/\/uridojaras.hu\/index.php?rest_route=\/wp\/v2\/media\/253"}],"wp:attachment":[{"href":"https:\/\/uridojaras.hu\/index.php?rest_route=%2Fwp%2Fv2%2Fmedia&parent=250"}],"wp:term":[{"taxonomy":"category","embeddable":true,"href":"https:\/\/uridojaras.hu\/index.php?rest_route=%2Fwp%2Fv2%2Fcategories&post=250"},{"taxonomy":"post_tag","embeddable":true,"href":"https:\/\/uridojaras.hu\/index.php?rest_route=%2Fwp%2Fv2%2Ftags&post=250"}],"curies":[{"name":"wp","href":"https:\/\/api.w.org\/{rel}","templated":true}]}}